{"id":696,"date":"2017-12-24T12:51:11","date_gmt":"2017-12-24T10:51:11","guid":{"rendered":"http:\/\/www.stadtkapelle-rain.de\/_preview\/?p=696"},"modified":"2017-12-24T12:55:58","modified_gmt":"2017-12-24T10:55:58","slug":"ein-konzert-himmlischen-ursprungs","status":"publish","type":"post","link":"https:\/\/www.stadtkapelle-rain.de\/_preview\/?p=696","title":{"rendered":"Ein Konzert himmlischen Ursprungs"},"content":{"rendered":"<p><strong>Die Stadtkapelle Rain spielte sich einmal mehr mitten ins Herz des Publikums. Es ist die 25. Auflage des Kirchenkonzerts.<\/strong><\/p>\n<h3>DONAUW\u00d6RTHER ZEITUNG VOM 19.12.2017<\/h3>\n<p>Von Ulrike Hampp-Weigand<\/p>\n<p><img loading=\"lazy\" decoding=\"async\" src=\"https:\/\/www.stadtkapelle-rain.de\/_preview\/wp-content\/uploads\/2017\/12\/Kirchenkonzert-2017-Bild-150x150.jpg\" alt=\"\" width=\"572\" height=\"322\" class=\"alignleft size-thumbnail wp-image-698\" srcset=\"https:\/\/www.stadtkapelle-rain.de\/_preview\/wp-content\/uploads\/2017\/12\/Kirchenkonzert-2017-Bild-300x169.jpg 300w, https:\/\/www.stadtkapelle-rain.de\/_preview\/wp-content\/uploads\/2017\/12\/Kirchenkonzert-2017-Bild-500x281.jpg 500w, https:\/\/www.stadtkapelle-rain.de\/_preview\/wp-content\/uploads\/2017\/12\/Kirchenkonzert-2017-Bild.jpg 572w\" sizes=\"auto, (max-width: 572px) 100vw, 572px\" \/><br \/>\nGl\u00fccklicher Dirigent Andreas Nagl beim Schlussapplaus nach dem gelungenen Konzert.<br \/>\nBild von Simon Bauer<\/p>\n<p>Es war ein wunderbares H\u00f6rerlebnis: In der bis auf den letzten (Steh-) Platz gef\u00fcllten Rainer Stadtpfarrkirche St. Johannes war zum 25. Mal das adventliche Kirchenkonzert der Stadtkapelle Rain zu h\u00f6ren und alle waren da \u2013 in freudig-angespanntem Erwarten. Und um es gleich vorwegzunehmen: Dankbarer, wertsch\u00e4tzender, \u00fcberw\u00e4ltigender Applaus im Stehen waren der verdiente Lohn f\u00fcr die Interpreten.<br \/>\nStadtpfarrer J\u00f6rg Biercher begr\u00fc\u00dfte in der adventlich erleuchteten Kirche und moderierte in der Folge humorvoll-sachbezogen. Luisa H\u00e4nsel, Zweite Dirigentin, dirigierte \u201eihr\u201c Vorstufenensemble mitrei\u00dfend, sehr pr\u00e4zis \u2013 schuf so aus den rund 30 Kindern und Jugendlichen einen sch\u00f6nklingenden, rhythmus- und taktsicheren Klangk\u00f6rper, der schon einleitend aufhorchen lie\u00df: mit einem schwungvollen \u201eChristmas Spiritual\u201c von Luigi di Chisallo, das den Bogen bekannter Christmas Carols von \u201eJoy to the world\u201c, zum Spiritual \u201eGo tell it to the mountain\u201c spannte. Ein \u201eAlpine Adventure\u201c von Michael Oare folgte \u2013 die jungen Musiker bew\u00e4ltigen dies musikalische Abenteuer bravour\u00f6s. \u201ePachelbel\u2018s Christmas\u201c von Larry Moore vollendete die Trias: es ist immer ein Wagnis, ein so ber\u00fchmtes Werk abseits g\u00e4ngiger Pfade vorzustellen, doch es gelang: klangm\u00e4chtig gespielt schuf es insgesamt einen festlich-pr\u00e4chtigen \u00dcbergang zum anschlie\u00dfenden vielk\u00f6pfigen gro\u00dfen Orchester, das von seinem Dirigenten Andreas Nagl, wie immer, herausragend gef\u00fchrt wurde.<\/p>\n<p style=\"text-align: justify;\"><!--more--><\/p>\n<p>Gustav Mahler zu Beginn<br \/>\nNiemand geringerer als Gustav Mahler war an den Beginn gesetzt: Das Orchester setzte hinrei\u00dfend ein mit dem, als rein instrumentales Adagio komponierten, sechsten Satz aus der dritten Sinfonie in d-Moll \u201eWas mir die Liebe erz\u00e4hlt\u201c. In dieser programmatisch komponierten Sinfonie wendet sich der Komponist im sechsten Satz der Liebe zu. Sein Ma\u00df: Gott ist diese Liebe.<br \/>\nDas ergreifende Liebes-Thema in D- f\u00fchrt hin zu inniger Andacht. Einer stetigen, doch immer wieder gebrochenen Aufw\u00e4rtsbewegung des ersten Themas begegnet kontrapunktisch das zweite Thema in fis-Moll, in stetiger Steigerung, gar einem Fortissimo der Trompeten, werden sie zur Apotheose gef\u00fchrt \u2013 und all dieser Zauber wird durch eine kleine, z\u00e4rtliche Fl\u00f6tenmelodie eingeleitet. Ber\u00fchrend gespielte Musik!<br \/>\nIm folgenden \u201eThema aus der Filmmusik zu \u201eSchindler Liste\u201c von John Williams spielte die Geigerin Agnes Scholz die Solovioline mit der Melodie, die ihren Weg l\u00e4ngst in die Herzen gefunden hat. Sie spielte sie innig bewegt, zart ber\u00fchrend, dabei vom Blasorchester gro\u00dfartig begleitet.<br \/>\nEin musikalisches Vergn\u00fcgen.<br \/>\nDie Stadt Ellwangen hatte zu ihrem 1250. Geburtstag vom Komponisten Thiemo Kraas ein Werk erbeten: Der malte mit \u201eCrossbreed\u201c, ein Bilderbuch mit Dingen, die den Schwaben wichtig sind. Das Orchesterst\u00fcck begann leitmotivisch mit dem klassischen \u201eSegne Du Maria\u201c, einem festlichen Bl\u00e4sersatz, im R\u00fccken des Publikums gespielt, und fabulierte dann seine Geschichte \u2013 vorstellbar auch ein Sonntagsspaziergang im wogenden Getreidefeld \u2026mit kakophonen St\u00f6rger\u00e4uschen, einem Walk\u00fcrenritt, und wie nach einem Gewittersturm, in Mariens Schutz sich begebend, in der \u201ebl\u00e4serischen Verklanglichung\u201c (so der Komponist) einer Kirchenorgel. Und endete in gro\u00dfer Pracht. Ein stimmungsvolles, und hochambitioniertes musikalisches Vergn\u00fcgen!<br \/>\nDas dann folgende \u201eVeni Immanuel\u201c, eine Meditation von Philip Sparke \u00fcber das aus dem neunten Jahrhundert stammende Antifon \u201eO komm, o komm Emmanuel\u201c mit der Melodie aus Prozessionsges\u00e4ngen franz\u00f6sischer Franziskanernonnen, entfaltete in seiner dunkel-verstummenden Intensit\u00e4t, akzentuiert durch Glockenkl\u00e4nge, einen geradezu meditativen Sog, dem sp\u00fcrbar auch die Zuh\u00f6rer erlagen, zumal das Werk faszinierend gespielt wurde. Dann wurde es ganz warm, und adventlich-weihnachtlich. \u201eWeihnachten in den Bergen\u201c hat Alfred B\u00f6sendorfer seine Fantasie \u00fcberschrieben, ein Medley mit vielen heimatlichen Kl\u00e4ngen: \u201eEs wird scho glei dumpa\u201c, \u201eAuf dem Berge, da wehet der Wind\u201c \u201eKommet ihr Hirten\u201c und in der Coda vereint im sehnsuchtsvollen \u201eLeise rieselt der Schnee\u201c.<br \/>\nVereinsvorsitzender Christoph Heider zitierte verabschiedend aus einer Rede des Bundespr\u00e4sidenten, dass es am himmlischen Ursprung der Musik keinen Zweifel geben k\u00f6nne. Wie recht er doch hat&#8230;<\/p>\n","protected":false},"excerpt":{"rendered":"<p>Die Stadtkapelle Rain spielte sich einmal mehr mitten ins Herz des Publikums. Es ist die 25. Auflage des Kirchenkonzerts. DONAUW\u00d6RTHER ZEITUNG VOM 19.12.2017 Von Ulrike Hampp-Weigand Gl\u00fccklicher Dirigent Andreas Nagl beim Schlussapplaus nach dem gelungenen Konzert. Bild von Simon Bauer &hellip; <a href=\"https:\/\/www.stadtkapelle-rain.de\/_preview\/?p=696\">Weiterlesen <span class=\"meta-nav\">&rarr;<\/span><\/a><\/p>\n","protected":false},"author":1,"featured_media":0,"comment_status":"closed","ping_status":"open","sticky":false,"template":"","format":"standard","meta":{"footnotes":""},"categories":[1],"tags":[],"class_list":["post-696","post","type-post","status-publish","format-standard","hentry","category-allgemein"],"_links":{"self":[{"href":"https:\/\/www.stadtkapelle-rain.de\/_preview\/index.php?rest_route=\/wp\/v2\/posts\/696","targetHints":{"allow":["GET"]}}],"collection":[{"href":"https:\/\/www.stadtkapelle-rain.de\/_preview\/index.php?rest_route=\/wp\/v2\/posts"}],"about":[{"href":"https:\/\/www.stadtkapelle-rain.de\/_preview\/index.php?rest_route=\/wp\/v2\/types\/post"}],"author":[{"embeddable":true,"href":"https:\/\/www.stadtkapelle-rain.de\/_preview\/index.php?rest_route=\/wp\/v2\/users\/1"}],"replies":[{"embeddable":true,"href":"https:\/\/www.stadtkapelle-rain.de\/_preview\/index.php?rest_route=%2Fwp%2Fv2%2Fcomments&post=696"}],"version-history":[{"count":4,"href":"https:\/\/www.stadtkapelle-rain.de\/_preview\/index.php?rest_route=\/wp\/v2\/posts\/696\/revisions"}],"predecessor-version":[{"id":701,"href":"https:\/\/www.stadtkapelle-rain.de\/_preview\/index.php?rest_route=\/wp\/v2\/posts\/696\/revisions\/701"}],"wp:attachment":[{"href":"https:\/\/www.stadtkapelle-rain.de\/_preview\/index.php?rest_route=%2Fwp%2Fv2%2Fmedia&parent=696"}],"wp:term":[{"taxonomy":"category","embeddable":true,"href":"https:\/\/www.stadtkapelle-rain.de\/_preview\/index.php?rest_route=%2Fwp%2Fv2%2Fcategories&post=696"},{"taxonomy":"post_tag","embeddable":true,"href":"https:\/\/www.stadtkapelle-rain.de\/_preview\/index.php?rest_route=%2Fwp%2Fv2%2Ftags&post=696"}],"curies":[{"name":"wp","href":"https:\/\/api.w.org\/{rel}","templated":true}]}}