{"id":1279,"date":"2025-05-20T21:15:10","date_gmt":"2025-05-20T19:15:10","guid":{"rendered":"https:\/\/www.stadtkapelle-rain.de\/_preview\/?p=1279"},"modified":"2025-05-20T21:15:10","modified_gmt":"2025-05-20T19:15:10","slug":"umjubeltes-konzert-der-stadtkapelle-rain","status":"publish","type":"post","link":"https:\/\/www.stadtkapelle-rain.de\/_preview\/?p=1279","title":{"rendered":"Umjubeltes Konzert der Stadtkapelle Rain"},"content":{"rendered":"\n<p><strong>Mit ihrem Passions- und Fr\u00fchjahrskonzert bot die Stadtkapelle Rain unter Andreas Nagl ein neues Konzept, das von tiefgr\u00fcndiger Reflexion bis zu fr\u00f6hlicher Leichtigkeit reicht. Und das auf h\u00f6chstem Niveau.<\/strong><\/p>\n\n\n\n<p>Erstmals pr\u00e4sentierte sich die Stadtkapelle Rain mit einem Konzert im Veranstaltungsraum es neuen Schulzentrums. So spannend wie diese neue St\u00e4tte war auch das Konzept des Abends &#8211; eine herausfordernde Mischung aus Kompositionen von h\u00f6chstem Niveau.<\/p>\n\n\n\n<p>Fotos: Simon Bauer<\/p>\n\n\n\n<figure class=\"wp-block-image size-large\"><a href=\"https:\/\/www.stadtkapelle-rain.de\/_preview\/wp-content\/uploads\/2025\/05\/1111.jpg\"><img loading=\"lazy\" decoding=\"async\" width=\"1024\" height=\"683\" src=\"https:\/\/www.stadtkapelle-rain.de\/_preview\/wp-content\/uploads\/2025\/05\/1111-1024x683.jpg\" alt=\"\" class=\"wp-image-1280\" srcset=\"https:\/\/www.stadtkapelle-rain.de\/_preview\/wp-content\/uploads\/2025\/05\/1111-1024x683.jpg 1024w, https:\/\/www.stadtkapelle-rain.de\/_preview\/wp-content\/uploads\/2025\/05\/1111-300x200.jpg 300w, https:\/\/www.stadtkapelle-rain.de\/_preview\/wp-content\/uploads\/2025\/05\/1111-768x512.jpg 768w, https:\/\/www.stadtkapelle-rain.de\/_preview\/wp-content\/uploads\/2025\/05\/1111-1536x1024.jpg 1536w, https:\/\/www.stadtkapelle-rain.de\/_preview\/wp-content\/uploads\/2025\/05\/1111-450x300.jpg 450w, https:\/\/www.stadtkapelle-rain.de\/_preview\/wp-content\/uploads\/2025\/05\/1111.jpg 1800w\" sizes=\"auto, (max-width: 1024px) 100vw, 1024px\" \/><\/a><\/figure>\n\n\n\n<p>Von Beate Schwab<\/p>\n\n\n\n<p>Rain Die Ostertage sind ein Fest der Selbstbesinnung, des Innehaltens und des fr\u00fchlingshaften Anfangs \u2013 und eine Zeit f\u00fcr eindringliche musikalische Reflexionen. Die Stadtkapelle Rain pr\u00e4sentierte mit ihrem Passions- und Fr\u00fchjahrskonzert gleich zwei gegens\u00e4tzliche Konzertprogramme an einem Abend und feierte eine umjubelte Premiere an neuer Spielst\u00e4tte.<\/p>\n\n\n\n<p>Ein neuer Ort und ein neues Konzept: Die Stadtkapelle Rain unter der Leitung von Andreas Nagl tritt erstmals in der Aula des neuen Schulzentrums auf und hat daf\u00fcr ein zweigeteiltes Programm mit v\u00f6llig unterschiedlichen Konzertthemen mitgebracht. Den Abend vor Palmsonntag beginnt das gro\u00dfe sinfonische Orchester der Stadtkapelle mit einem Passionskonzert, der \u201eSinfonia No.2 La Passi\u00f3 de Crist\u201c des spanischen Komponisten Ferrer Ferran. Dieses zeitgen\u00f6ssische Werk \u00fcbersetzt die neutestamentalische Geschichte einschlie\u00dflich der Passion meisterhaft in ein mitrei\u00dfendes Klangerlebnis.<\/p>\n\n\n\n<figure class=\"wp-block-image size-large\"><a href=\"https:\/\/www.stadtkapelle-rain.de\/_preview\/wp-content\/uploads\/2025\/05\/3333.jpg\"><img loading=\"lazy\" decoding=\"async\" width=\"1024\" height=\"683\" src=\"https:\/\/www.stadtkapelle-rain.de\/_preview\/wp-content\/uploads\/2025\/05\/3333-1024x683.jpg\" alt=\"\" class=\"wp-image-1283\" srcset=\"https:\/\/www.stadtkapelle-rain.de\/_preview\/wp-content\/uploads\/2025\/05\/3333-1024x683.jpg 1024w, https:\/\/www.stadtkapelle-rain.de\/_preview\/wp-content\/uploads\/2025\/05\/3333-300x200.jpg 300w, https:\/\/www.stadtkapelle-rain.de\/_preview\/wp-content\/uploads\/2025\/05\/3333-768x512.jpg 768w, https:\/\/www.stadtkapelle-rain.de\/_preview\/wp-content\/uploads\/2025\/05\/3333-1536x1024.jpg 1536w, https:\/\/www.stadtkapelle-rain.de\/_preview\/wp-content\/uploads\/2025\/05\/3333-450x300.jpg 450w, https:\/\/www.stadtkapelle-rain.de\/_preview\/wp-content\/uploads\/2025\/05\/3333.jpg 1800w\" sizes=\"auto, (max-width: 1024px) 100vw, 1024px\" \/><\/a><\/figure>\n\n\n\n<p>Der Komponist hatte der Stadtkapelle im Vorfeld via Instagram viel Erfolg bei der Umsetzung des vielschichtigen Projektes gew\u00fcnscht, wie Moderator Marco Roger stolz berichtet. Beeindruckend pr\u00e4sentiert das ambitionierte Ensemble &#8211; als eines der drei besten Amateur-Blasorchester Deutschlands ausgezeichnet &#8211; das h\u00f6chst anspruchsvolle Werk, wobei alle Instrumentengruppen gleicherma\u00dfen brillieren. Der Komponist beschreibt die Lebens- und Leidensgeschichte Jesu Christi, von Mariae Empf\u00e4ngnis \u00fcber Johannes den T\u00e4ufer und die drei Versuchungen, bis zum Abendmahl, dem Kreuzweg und der Wiederauferstehung. Romantische, mystische Passagen wechseln sich ab mit hochdramatischen, fast schrillen Szenen. Dem Orchester gelingt es, die Emotionen in eine aufw\u00fchlende Klangsprache zu \u00fcbertragen und das Publikum von den ersten T\u00f6nen an zu ber\u00fchren.<\/p>\n\n\n\n<p>Erg\u00e4nzend zur Musik rezitiert der Schauspieler Schorsch Thaller die entsprechenden Bibelstellen, vermittelt einf\u00fchlsam gro\u00dfes Leid und Verzweiflung, aber auch tiefe Hoffnung. Wundervoll in Szene gesetzt durch die f\u00fcr diesen Abend eigens angefertigten Illustrationen von Linda Mosena entsteht so ein anr\u00fchrendes Gesamtkunstwerk aus Musik, Sprache und Bild, das die ergriffenen Zuh\u00f6rerinnen und Zuh\u00f6rer tief bewegt. Eine musikalische Reflexion \u00fcber den Tod, die mit einem positiven, hoffnungsfrohen Ausblick endet, vom Publikum mit langanhaltendem, stehendem Beifall und Bravorufen belohnt.<\/p>\n\n\n\n<figure class=\"wp-block-image size-large\"><a href=\"https:\/\/www.stadtkapelle-rain.de\/_preview\/wp-content\/uploads\/2025\/05\/4444.jpg\"><img loading=\"lazy\" decoding=\"async\" width=\"1024\" height=\"683\" src=\"https:\/\/www.stadtkapelle-rain.de\/_preview\/wp-content\/uploads\/2025\/05\/4444-1024x683.jpg\" alt=\"\" class=\"wp-image-1285\" srcset=\"https:\/\/www.stadtkapelle-rain.de\/_preview\/wp-content\/uploads\/2025\/05\/4444-1024x683.jpg 1024w, https:\/\/www.stadtkapelle-rain.de\/_preview\/wp-content\/uploads\/2025\/05\/4444-300x200.jpg 300w, https:\/\/www.stadtkapelle-rain.de\/_preview\/wp-content\/uploads\/2025\/05\/4444-768x512.jpg 768w, https:\/\/www.stadtkapelle-rain.de\/_preview\/wp-content\/uploads\/2025\/05\/4444-1536x1024.jpg 1536w, https:\/\/www.stadtkapelle-rain.de\/_preview\/wp-content\/uploads\/2025\/05\/4444-450x300.jpg 450w, https:\/\/www.stadtkapelle-rain.de\/_preview\/wp-content\/uploads\/2025\/05\/4444.jpg 1800w\" sizes=\"auto, (max-width: 1024px) 100vw, 1024px\" \/><\/a><\/figure>\n\n\n\n<p>Ganz im Gegensatz dazu steht der zweite Teil dieses Konzertabends, der nach der Pause schwungvoll eine fr\u00fchlingshafte Leichtigkeit mitbringt. \u201eDie Sonne geht auf\u201c, ein traditioneller, imposanter Marsch, bei dem sich alle Register profilieren k\u00f6nnen, fesselt mit vergn\u00fcgter Wanderlaune. Zum 200. Geburtstag des \u201eWalzerk\u00f6nigs\u201c Johann Strau\u00df (Sohn) tr\u00e4gt die Stadtkapelle mit fr\u00f6hlicher Feierlaune die \u201eAnnen Polka\u201c, den \u201eSpanischen Marsch\u201c und die Schnell-Polka \u201eLeichtes Blut\u201c so t\u00e4nzerisch, unbeschwert vor, dass es das Publikum beim galoppierenden Rhythmus kaum auf den Sitzen h\u00e4lt.<\/p>\n\n\n\n<p>Die beschwingte musikalische Reise geht von Wien weiter nach Lateinamerika, mit den \u201eLatino Mallets\u201c bringt das Orchester unterst\u00fctzt von einem umfangreichen Perkussionsinstrumentarium den charakteristischen Sound temperamentvoll auf die B\u00fchne. Manuel Ehlich als Solist am Marimbafon gl\u00e4nzt bei den schnellen Teilen \u201eTico Tico\u201c und \u201eMambo Jambo\u201c, das etwas langsamere \u201eTea for two\u201c im Cha-Cha-Stil \u00fcberrascht noch mit einem kurzen Swingteil. Beifallsst\u00fcrme f\u00fcr diese leidenschaftliche Darbietung!<\/p>\n\n\n\n<p>In die \u201eGoldenen 20er Jahre\u201c entf\u00fchrt zum Schluss das Medley \u201eThe Crazy Charleston Era\u201c, mit dem das Orchester noch einmal seine gro\u00dfe Spielfreude zeigen kann. Die einzelnen Register gl\u00e4nzen mit kecken, vorwitzigen Einf\u00e4llen, pfiffige Instrumentaleffekte lassen die brodelnde Vitalit\u00e4t und Kreativit\u00e4t dieser \u201ewilden \u00c4ra\u201c lebendig werden. Die verr\u00fcckten Kapriolen des energiegeladenen Orchesters rei\u00dfen das begeisterte Publikum fast von den Sitzen, enthusiastisch werden noch zwei Zugaben erklatscht.<\/p>\n\n\n\n<p>Mit einem \u00e4u\u00dferst ambitionierten Projekt hat die Stadtkapelle musikalisches \u201eNeuland\u201c betreten und eine umjubelte Premiere gefeiert.<\/p>\n\n\n\n<figure class=\"wp-block-image size-large\"><a href=\"https:\/\/www.stadtkapelle-rain.de\/_preview\/wp-content\/uploads\/2025\/05\/2222.jpg\"><img loading=\"lazy\" decoding=\"async\" width=\"1024\" height=\"683\" src=\"https:\/\/www.stadtkapelle-rain.de\/_preview\/wp-content\/uploads\/2025\/05\/2222-1024x683.jpg\" alt=\"\" class=\"wp-image-1281\" srcset=\"https:\/\/www.stadtkapelle-rain.de\/_preview\/wp-content\/uploads\/2025\/05\/2222-1024x683.jpg 1024w, https:\/\/www.stadtkapelle-rain.de\/_preview\/wp-content\/uploads\/2025\/05\/2222-300x200.jpg 300w, https:\/\/www.stadtkapelle-rain.de\/_preview\/wp-content\/uploads\/2025\/05\/2222-768x512.jpg 768w, https:\/\/www.stadtkapelle-rain.de\/_preview\/wp-content\/uploads\/2025\/05\/2222-1536x1024.jpg 1536w, https:\/\/www.stadtkapelle-rain.de\/_preview\/wp-content\/uploads\/2025\/05\/2222-450x300.jpg 450w, https:\/\/www.stadtkapelle-rain.de\/_preview\/wp-content\/uploads\/2025\/05\/2222.jpg 1800w\" sizes=\"auto, (max-width: 1024px) 100vw, 1024px\" \/><\/a><\/figure>\n","protected":false},"excerpt":{"rendered":"<p>Mit ihrem Passions- und Fr\u00fchjahrskonzert bot die Stadtkapelle Rain unter Andreas Nagl ein neues Konzept, das von tiefgr\u00fcndiger Reflexion bis zu fr\u00f6hlicher Leichtigkeit reicht. Und das auf h\u00f6chstem Niveau. Erstmals pr\u00e4sentierte sich die Stadtkapelle Rain mit einem Konzert im Veranstaltungsraum &hellip; <a href=\"https:\/\/www.stadtkapelle-rain.de\/_preview\/?p=1279\">Weiterlesen <span class=\"meta-nav\">&rarr;<\/span><\/a><\/p>\n","protected":false},"author":1,"featured_media":0,"comment_status":"closed","ping_status":"open","sticky":false,"template":"","format":"standard","meta":{"footnotes":""},"categories":[1],"tags":[],"class_list":["post-1279","post","type-post","status-publish","format-standard","hentry","category-allgemein"],"_links":{"self":[{"href":"https:\/\/www.stadtkapelle-rain.de\/_preview\/index.php?rest_route=\/wp\/v2\/posts\/1279","targetHints":{"allow":["GET"]}}],"collection":[{"href":"https:\/\/www.stadtkapelle-rain.de\/_preview\/index.php?rest_route=\/wp\/v2\/posts"}],"about":[{"href":"https:\/\/www.stadtkapelle-rain.de\/_preview\/index.php?rest_route=\/wp\/v2\/types\/post"}],"author":[{"embeddable":true,"href":"https:\/\/www.stadtkapelle-rain.de\/_preview\/index.php?rest_route=\/wp\/v2\/users\/1"}],"replies":[{"embeddable":true,"href":"https:\/\/www.stadtkapelle-rain.de\/_preview\/index.php?rest_route=%2Fwp%2Fv2%2Fcomments&post=1279"}],"version-history":[{"count":3,"href":"https:\/\/www.stadtkapelle-rain.de\/_preview\/index.php?rest_route=\/wp\/v2\/posts\/1279\/revisions"}],"predecessor-version":[{"id":1286,"href":"https:\/\/www.stadtkapelle-rain.de\/_preview\/index.php?rest_route=\/wp\/v2\/posts\/1279\/revisions\/1286"}],"wp:attachment":[{"href":"https:\/\/www.stadtkapelle-rain.de\/_preview\/index.php?rest_route=%2Fwp%2Fv2%2Fmedia&parent=1279"}],"wp:term":[{"taxonomy":"category","embeddable":true,"href":"https:\/\/www.stadtkapelle-rain.de\/_preview\/index.php?rest_route=%2Fwp%2Fv2%2Fcategories&post=1279"},{"taxonomy":"post_tag","embeddable":true,"href":"https:\/\/www.stadtkapelle-rain.de\/_preview\/index.php?rest_route=%2Fwp%2Fv2%2Ftags&post=1279"}],"curies":[{"name":"wp","href":"https:\/\/api.w.org\/{rel}","templated":true}]}}