{"id":1268,"date":"2025-03-13T20:10:25","date_gmt":"2025-03-13T18:10:25","guid":{"rendered":"https:\/\/www.stadtkapelle-rain.de\/_preview\/?p=1268"},"modified":"2025-03-13T20:10:25","modified_gmt":"2025-03-13T18:10:25","slug":"passions-und-fruehjahrskonzert","status":"publish","type":"post","link":"https:\/\/www.stadtkapelle-rain.de\/_preview\/?p=1268","title":{"rendered":"Passions- und Fr\u00fchjahrskonzert"},"content":{"rendered":"\n<p><strong>am Samstag, den 12. April 2025 um 20.00 Uhr in der Aula des Schulzentrums Rain<\/strong><\/p>\n\n\n\n<p>heuer pr\u00e4sentieren wir Ihnen mit unserem Passions \u2013und Fr\u00fchjahrskonzert einmalig zwei gegens\u00e4tzliche Konzertprogramme an einem Abend.<\/p>\n\n\n\n<p>Der Zeit kurz vor Ostern geschuldet, beginnen wir den Abend mit einem Passionskonzert. Zur Auff\u00fchrung kommt die \u201eSinfonia No. 2 La Passio de Crist\u201c vom Spanier Ferrer Ferran. Dieses fordernde, zeitgen\u00f6ssische Werk fasst die neutestamentliche Geschichte einschlie\u00dflich der Passion eindrucksvoll in eine moderne Klangsprache. Erg\u00e4nzend zur Musik wird Schorsch Thaller die entsprechenden Bibelstellen rezitieren, f\u00fcr die Musik eigens angefertigte Illustrationen von Linda Mosena werden die Inhalte visualisieren. So entsteht ein ganz besonderes stimmiges Gesamtwerk aus Musik, Sprache und Bild, auf das wir uns schon sehr freuen und an dem wir Sie gerne teilhaben lassen!<\/p>\n\n\n\n<p>Ganz im Gegensatz dazu steht der zweite Teil unseres Konzertabends. Freuen Sie sich dabei auf Melodien von Johann Strau\u00df, dessen 200ten Geburtstag die Musikwelt in diesem Jahr feiert, ebenso wie auf lateinamerikanische Kl\u00e4nge die Manuel Ehlich auf dem Marimbaphon spielen wird. Witzige Melodien aus den 20er Charleston \u2013 Jahren runden den schwungvollen Fr\u00fchjahrskonzert -Teil ab.<\/p>\n\n\n\n<p><strong>Machen Sie gern Gebrauch von unserm Online \u2013 Kartenvorverkauf der am 22.03.2025 um 10.00 Uhr beginnen wird. Unter diesem Link k\u00f6nnen Sie Eintrittskarten erwerben:<\/strong><\/p>\n\n\n\n<p class=\"has-text-align-center\"><a href=\"https:\/\/tickettune.com\/stadtkapellerain\"><strong>https:\/\/tickettune.com\/stadtkapellerain<\/strong><\/a><\/p>\n\n\n\n<p class=\"has-text-align-center\">Restkarten gibt es an der Abendkasse.<\/p>\n\n\n\n<p><\/p>\n","protected":false},"excerpt":{"rendered":"<p>am Samstag, den 12. April 2025 um 20.00 Uhr in der Aula des Schulzentrums Rain heuer pr\u00e4sentieren wir Ihnen mit unserem Passions \u2013und Fr\u00fchjahrskonzert einmalig zwei gegens\u00e4tzliche Konzertprogramme an einem Abend. Der Zeit kurz vor Ostern geschuldet, beginnen wir den &hellip; <a href=\"https:\/\/www.stadtkapelle-rain.de\/_preview\/?p=1268\">Weiterlesen <span class=\"meta-nav\">&rarr;<\/span><\/a><\/p>\n","protected":false},"author":1,"featured_media":0,"comment_status":"closed","ping_status":"open","sticky":false,"template":"","format":"standard","meta":{"footnotes":""},"categories":[1],"tags":[],"class_list":["post-1268","post","type-post","status-publish","format-standard","hentry","category-allgemein"],"_links":{"self":[{"href":"https:\/\/www.stadtkapelle-rain.de\/_preview\/index.php?rest_route=\/wp\/v2\/posts\/1268","targetHints":{"allow":["GET"]}}],"collection":[{"href":"https:\/\/www.stadtkapelle-rain.de\/_preview\/index.php?rest_route=\/wp\/v2\/posts"}],"about":[{"href":"https:\/\/www.stadtkapelle-rain.de\/_preview\/index.php?rest_route=\/wp\/v2\/types\/post"}],"author":[{"embeddable":true,"href":"https:\/\/www.stadtkapelle-rain.de\/_preview\/index.php?rest_route=\/wp\/v2\/users\/1"}],"replies":[{"embeddable":true,"href":"https:\/\/www.stadtkapelle-rain.de\/_preview\/index.php?rest_route=%2Fwp%2Fv2%2Fcomments&post=1268"}],"version-history":[{"count":5,"href":"https:\/\/www.stadtkapelle-rain.de\/_preview\/index.php?rest_route=\/wp\/v2\/posts\/1268\/revisions"}],"predecessor-version":[{"id":1273,"href":"https:\/\/www.stadtkapelle-rain.de\/_preview\/index.php?rest_route=\/wp\/v2\/posts\/1268\/revisions\/1273"}],"wp:attachment":[{"href":"https:\/\/www.stadtkapelle-rain.de\/_preview\/index.php?rest_route=%2Fwp%2Fv2%2Fmedia&parent=1268"}],"wp:term":[{"taxonomy":"category","embeddable":true,"href":"https:\/\/www.stadtkapelle-rain.de\/_preview\/index.php?rest_route=%2Fwp%2Fv2%2Fcategories&post=1268"},{"taxonomy":"post_tag","embeddable":true,"href":"https:\/\/www.stadtkapelle-rain.de\/_preview\/index.php?rest_route=%2Fwp%2Fv2%2Ftags&post=1268"}],"curies":[{"name":"wp","href":"https:\/\/api.w.org\/{rel}","templated":true}]}}