{"id":1011,"date":"2021-12-18T15:08:44","date_gmt":"2021-12-18T13:08:44","guid":{"rendered":"https:\/\/www.stadtkapelle-rain.de\/_preview\/?p=1011"},"modified":"2021-12-19T15:55:53","modified_gmt":"2021-12-19T13:55:53","slug":"sie-ist-eine-der-drei-besten-deutschlands","status":"publish","type":"post","link":"https:\/\/www.stadtkapelle-rain.de\/_preview\/?p=1011","title":{"rendered":"Stadtkapelle Rain geh\u00f6rt zu den Besten im Land"},"content":{"rendered":"\n<p>Die Stadtkapelle Rain geh\u00f6rt zu den drei besten Amateur-Blaskapellen Deutschlands. Beim Deutschen Orchesterwettbewerb hat sie mit dem Pr\u00e4dikat &#8222;Hervorragend&#8220; abgeschnitten.<\/p>\n<h3>Donauw\u00f6rther Zeitung 16.12.2021<\/h3>\n<p>\u00a0<strong>Die Stadtkapelle Rain hat seit vielen Jahren einen ausgezeichneten Ruf. Unter Kapellmeister Andreas Nagl bieten die Musikerinnen und Musiker h\u00f6chste Qualit\u00e4t im Amateurbereich. Jetzt kommt eine neue, besondere Auszeichnung dazu.<\/strong><\/p>\n<address class=\"p-clr_sld-theme p-marg_t-xl p-marg_b-l p-pad_b-s b-article-author b-article-author--multiple p-hlist p-hlist--align-left p-hlist--wrap p-fnt_std-normal--xs-uc p-line-height--sxs p-fnt_letter-spacing--one\"><span class=\"p-line-height--m p-pad_r-xs\">VON BARBARA W\u00dcRMSEHER<\/span><\/address>\n<p>Die Stadtkapelle Rain geh\u00f6rt deutschlandweit zu den drei Spitzen-Blasorchestern im Amateurbereich. Das ist seit Mittwochabend offiziell. Diese Einsch\u00e4tzung verwundert in unserer Region wohl niemanden, der die Konzerte mit Stadtkapellmeister Andreas Nagl schon erlebt hat. Doch nun gibt es die Best\u00e4tigung dieser Qualit\u00e4t und Leistung auch aus berufenem Munde: Die Musikerinnen und Musiker haben beim Deutschen Orchesterwettbewerb in ihrer Kategorie B1 (Blasorchester Erwachsene) mit dem bestm\u00f6glichen Pr\u00e4dikat \u201eHervorragend\u201c abgeschnitten. Damit sind sie berechtigt, den Titel \u201ePreistr\u00e4ger des Deutschen Orchesterwettbewerbs 2021\u201c zu tragen.\u00a0<\/p>\n<p>Dirigent und musikalischer Leiter Andreas Nagl ist ehrlich \u00fcberw\u00e4ltigt: \u201eIch kann es noch gar nicht glauben\u201c, sagte er am Donnerstag im Gespr\u00e4ch mit unserer Redaktion. \u201eDamit haben wir wirklich nicht ernsthaft gerechnet, denn in dieser Liga tritt niemand an, der schlecht spielt. Es gab also auch sehr respektable Konkurrenz. Und auch in der Jury sitzen keine Waisenknaben. Da ist ausschlie\u00dflich die Hochschul-Elite vertreten. Das ganze Projekt war also au\u00dferordentlich hochkar\u00e4tig angelegt.\u201c Nagl hat die gute Nachricht am Mittwochabend per Livestream zu Hause an seinem Computer \u00fcbermittelt bekommen.\u00a0<br \/><!--more--><\/p>\n<p>Nun gewinnt die Stadtkapelle ja seit Jahren regelm\u00e4\u00dfig bei Wertungsspielen und \u00c4hnlichem mehr. Sie ist durchaus ein St\u00fcck weit \u2013 dank ihrer Leistung \u2013 erfolgsverw\u00f6hnt. Doch der jetzige Preis ist nochmals eine ganz andere Hausnummer. \u201eDas ist quasi, als ob man in der Bundesliga dabei ist\u201c, erkl\u00e4rt Andreas Nagl schmunzelnd. \u201eAls Laienensemble ist es in unserem Land das H\u00f6chste, was man erreichen kann.\u201c\u00a0<\/p>\n<p>Eigentlich h\u00e4tte der Bundeswettbewerb im Mai 2020 in Bonn live stattfinden sollen \u2013 coronabedingt wurde es dann aber eine professionelle Aufnahme in der Rainer Dreifachturnhalle mit einem Aufnahmeteam, das die perfekte Technik mitbrachte, um akustisch auch alle Feinheiten aufzeichnen zu k\u00f6nnen. Diese Aufnahme war die Bewertungsgrundlage f\u00fcr die Jury. Zuvor hatten sich die Rainer im November 2019 beim Landesentscheid in M\u00fcnchen f\u00fcr die Wettbewerbsteilnahme auf Bundesebene qualifiziert \u2013 was damals schon als Meilenstein in der Erfolgsgeschichte der Stadtkapelle galt. Damals belegte sie bayernweit den zweiten Platz. Das \u2013 so wissen wir heute \u2013 war das Sprungbrett zum jetzigen deutschlandweiten Triumph. Der Deutsche Orchesterwettbewerb wird alle vier Jahre ausgetragen. Andreas Nagl und seine Musikerinnen und Musiker waren zum ersten Mal dabei und legten die Messlatte gleich so hoch.\u00a0<\/p>\n<p>Zu spielen hatten die Rainer ein Pflichtst\u00fcck, dem sich alle Ensembles im Wettbewerb stellen mussten: Es war die anspruchsvolle zeitgen\u00f6ssische Auftragskomposition \u201eSchatteng\u00e4nge\u201c des Komponisten Marco P\u00fctz mit viel Clustertechnik. Au\u00dferdem stand ein Selbstwahlst\u00fcck auf dem Programm: Die Rainer brachten das f\u00fcnf-s\u00e4tzige Werk \u201eOf Sailors and Whales\u201c von W. Francis McBeth zu Geh\u00f6r, eine Komposition der H\u00f6chststufe, die die Geschichte des Wales Moby Dicks musikalisch erz\u00e4hlt. In der Endausscheidung waren nur noch f\u00fcnf Blasorchester vertreten. Drei schnitten mit \u201eHervorragend\u201c ab, zwei mit \u201eGut\u201c. Neben Urkunden d\u00fcrfen die drei Bestplatzierten noch Preisgelder erwarten, deren H\u00f6he Andreas Nagl derzeit noch nicht beziffern kann. Was er aber heute schon geben kann, ist die Antwort auf die Frage: Wie und wann geht es mit der Stadtkapelle Rain weiter? \u201eNach unserem Weihnachtskonzert machen wir nun erst einmal eine Pause\u201c, verr\u00e4t der Kapellmeister. \u201eWir haben noch nicht genau festgelegt, wie lange sie dauert und wann der Probenbeginn danach wieder startet. Auf jeden Fall planen wir, am 7. Mai ein Fr\u00fchjahrskonzert in der Rainer Dreifachturnhalle zu geben.\u201c<\/p>\n<div id=\"pipa-anchor-2\" class=\"paywall b-pipa-anchor\">\u00a0<\/div>\n","protected":false},"excerpt":{"rendered":"","protected":false},"author":1,"featured_media":0,"comment_status":"closed","ping_status":"open","sticky":false,"template":"","format":"standard","meta":{"footnotes":""},"categories":[1],"tags":[],"class_list":["post-1011","post","type-post","status-publish","format-standard","hentry","category-allgemein"],"_links":{"self":[{"href":"https:\/\/www.stadtkapelle-rain.de\/_preview\/index.php?rest_route=\/wp\/v2\/posts\/1011","targetHints":{"allow":["GET"]}}],"collection":[{"href":"https:\/\/www.stadtkapelle-rain.de\/_preview\/index.php?rest_route=\/wp\/v2\/posts"}],"about":[{"href":"https:\/\/www.stadtkapelle-rain.de\/_preview\/index.php?rest_route=\/wp\/v2\/types\/post"}],"author":[{"embeddable":true,"href":"https:\/\/www.stadtkapelle-rain.de\/_preview\/index.php?rest_route=\/wp\/v2\/users\/1"}],"replies":[{"embeddable":true,"href":"https:\/\/www.stadtkapelle-rain.de\/_preview\/index.php?rest_route=%2Fwp%2Fv2%2Fcomments&post=1011"}],"version-history":[{"count":5,"href":"https:\/\/www.stadtkapelle-rain.de\/_preview\/index.php?rest_route=\/wp\/v2\/posts\/1011\/revisions"}],"predecessor-version":[{"id":1028,"href":"https:\/\/www.stadtkapelle-rain.de\/_preview\/index.php?rest_route=\/wp\/v2\/posts\/1011\/revisions\/1028"}],"wp:attachment":[{"href":"https:\/\/www.stadtkapelle-rain.de\/_preview\/index.php?rest_route=%2Fwp%2Fv2%2Fmedia&parent=1011"}],"wp:term":[{"taxonomy":"category","embeddable":true,"href":"https:\/\/www.stadtkapelle-rain.de\/_preview\/index.php?rest_route=%2Fwp%2Fv2%2Fcategories&post=1011"},{"taxonomy":"post_tag","embeddable":true,"href":"https:\/\/www.stadtkapelle-rain.de\/_preview\/index.php?rest_route=%2Fwp%2Fv2%2Ftags&post=1011"}],"curies":[{"name":"wp","href":"https:\/\/api.w.org\/{rel}","templated":true}]}}