{"id":1,"date":"2014-05-04T19:45:52","date_gmt":"2014-05-04T19:45:52","guid":{"rendered":"http:\/\/www.stadtkapelle-rain.de\/_preview\/?p=1"},"modified":"2016-11-18T19:28:13","modified_gmt":"2016-11-18T17:28:13","slug":"hallo-welt","status":"publish","type":"post","link":"https:\/\/www.stadtkapelle-rain.de\/_preview\/?p=1","title":{"rendered":"Stadtkapelle veranstaltet Fr\u00fchjahrskonzert"},"content":{"rendered":"<p style=\"text-align: justify;\"><!--more--><span id=\"more-104\"><\/span><\/p>\n<h3><strong>16.04. Orchester begr\u00fc\u00dft den Fr\u00fchling musikalisch<\/strong><\/h3>\n<address>Donauw\u00f6rther Zeitung vom 16.04.2014<\/address>\n<address>von Manfred Arloth<\/address>\n<p style=\"text-align: justify;\"><a href=\"https:\/\/www.stadtkapelle-rain.de\/_preview\/wp-content\/uploads\/2014\/05\/Copy-20of-2010344FrJahrskonz2014-04-12StadtkapRain.jpg\"><img loading=\"lazy\" decoding=\"async\" class=\"aligncenter wp-image-123 size-full\" title=\"Mit Ovationen im Stehen bedankten sich die Besucher des Fr\u00fchjahrskonzerts der Rainer Stadtkapelle in der voll besetzten Dreifachsporthalle f\u00fcr das brillante Spiel des sinfonischen Orchesters unter Leitung von Andreas Nagl.\" src=\"https:\/\/www.stadtkapelle-rain.de\/_preview\/wp-content\/uploads\/2014\/05\/Copy-20of-2010344FrJahrskonz2014-04-12StadtkapRain.jpg\" alt=\"Copy-20of-2010344FrJahrskonz2014-04-12StadtkapRain\" width=\"572\" height=\"322\" \/><\/a>Mit brillantem Spiel begeisterte die Rainer Stadtkapelle beim Fr\u00fchjahrskonzert in der Dreifachsporthalle. Vor der Pause erklangen vier Werke gleichsam als Finger\u00fcbung, danach aber ging\u2019s 40 Minuten lang mit dem Opus \u201eThe Lord of the Rings\u201c voll zur Sache: Dirigent Andreas Nagl f\u00fchrte sein sinfonisches Blasorchester absolut sicher durch das f\u00fcnfs\u00e4tzige Werk des Komponisten Johan de Meij, der mit seiner Sinfonie im Jahre 1989 den ersten Preis des Sudler International Wind Band Composition Competition gewann. Das Publikum bedankte sich mit m\u00e4chtigem Applaus.<\/p>\n<p style=\"text-align: justify;\">Eingangs erklang der Konzertmarsch \u201eDie Sonne geht auf\u201c von Rudi Fischer \u2013 viel Beifall f\u00fcr sch\u00f6n gespielte Melodien und kraftvollen Einsatz. In seinem Gru\u00dfwort bedankte sich B\u00fcrgermeister Gerhard Martin bei den Musikern, \u201edie sich wie gewohnt bestens auf dieses Konzert vorbereitet haben\u201c und besonders \u201ebei unserem hervorragenden Dirigenten Andreas Nagl\u201c.<\/p>\n<p style=\"text-align: justify;\">Leidenschaftliche Melodien und beschwingte Abs\u00e4tze<\/p>\n<p style=\"text-align: justify;\">Interessante Details wie etwa ein Paukenschlag, ein Klarinettensolo, wundersch\u00f6ne Melodien, ein flottes Intermezzo und ein fulminanter Schlussakkord gefielen besonders bei der Ouvert\u00fcre zur Operette \u201eDer Zigeunerbaron\u201c von Walzerk\u00f6nig Johann Strau\u00df Sohn (1825 \u2013 1899), arrangiert von Siegfried Rundel. Das beeindruckende Thema beim Slawischen Tanz Nr. 8 aus op. 46 von Anton\u00edn Dvor\u00e1k spielte das Orchester im Fortissimo und wandelte es dann mit Tempo- und Lautsst\u00e4rkevariationen vielfach ab. Man h\u00f6rte t\u00e4nzerisch beschwingte Abs\u00e4tze, aber auch leidenschaftliche Melodien. Die Fantasie \u201eEl Camino Real\u201c des amerikanischen Komponisten Alfred Reed gestalteten die Musiker gleich zu Beginn in rasantem Tempo, dann betont festlich, aber auch feurig und insgesamt faszinierend.<\/p>\n<p style=\"text-align: justify;\">Tolkiens gewaltiger Fantasy-Roman \u201eDer Herr der Ringe\u201c, erschienen 1954, zog Millionen von Lesern in seinen Bann \u2013 jetzt zeigten sich die Rainer Konzertbesucher ergriffen von dem gro\u00dfartigen musikalischen Gem\u00e4lde des Niederl\u00e4nders Johan de Meij , das die Stadtkapelle zu Geh\u00f6r brachte.<\/p>\n<p style=\"text-align: justify;\">Wundersame Begebenheiten wurden musikalisch beschrieben, schrille T\u00f6ne k\u00fcndeten von Gefahren, man vernahm rasante Trompetensignale, einen Marsch im absoluten Fortissimo, geheimnisvolle T\u00f6ne der B\u00e4sse und dumpfe Klagelaute.<\/p>\n<p style=\"text-align: justify;\">Erst gegen Schluss k\u00fcndete das frohe Spiel ein Fest an, und nach \u00dcberwindung der Gefahren blickten die Wanderer optimistisch in die Zukunft. Erw\u00e4hnt werden m\u00fcssen die erstklassigen Soli von Giuseppe Sansivieri (Sopransaxofon) und Michael Engert (Posaune) im dritten Satz und nat\u00fcrlich die kundige Conference durch Hans H\u00f6nig.<\/p>\n","protected":false},"excerpt":{"rendered":"","protected":false},"author":1,"featured_media":0,"comment_status":"open","ping_status":"open","sticky":false,"template":"","format":"standard","meta":{"footnotes":""},"categories":[1],"tags":[],"class_list":["post-1","post","type-post","status-publish","format-standard","hentry","category-allgemein"],"_links":{"self":[{"href":"https:\/\/www.stadtkapelle-rain.de\/_preview\/index.php?rest_route=\/wp\/v2\/posts\/1","targetHints":{"allow":["GET"]}}],"collection":[{"href":"https:\/\/www.stadtkapelle-rain.de\/_preview\/index.php?rest_route=\/wp\/v2\/posts"}],"about":[{"href":"https:\/\/www.stadtkapelle-rain.de\/_preview\/index.php?rest_route=\/wp\/v2\/types\/post"}],"author":[{"embeddable":true,"href":"https:\/\/www.stadtkapelle-rain.de\/_preview\/index.php?rest_route=\/wp\/v2\/users\/1"}],"replies":[{"embeddable":true,"href":"https:\/\/www.stadtkapelle-rain.de\/_preview\/index.php?rest_route=%2Fwp%2Fv2%2Fcomments&post=1"}],"version-history":[{"count":10,"href":"https:\/\/www.stadtkapelle-rain.de\/_preview\/index.php?rest_route=\/wp\/v2\/posts\/1\/revisions"}],"predecessor-version":[{"id":579,"href":"https:\/\/www.stadtkapelle-rain.de\/_preview\/index.php?rest_route=\/wp\/v2\/posts\/1\/revisions\/579"}],"wp:attachment":[{"href":"https:\/\/www.stadtkapelle-rain.de\/_preview\/index.php?rest_route=%2Fwp%2Fv2%2Fmedia&parent=1"}],"wp:term":[{"taxonomy":"category","embeddable":true,"href":"https:\/\/www.stadtkapelle-rain.de\/_preview\/index.php?rest_route=%2Fwp%2Fv2%2Fcategories&post=1"},{"taxonomy":"post_tag","embeddable":true,"href":"https:\/\/www.stadtkapelle-rain.de\/_preview\/index.php?rest_route=%2Fwp%2Fv2%2Ftags&post=1"}],"curies":[{"name":"wp","href":"https:\/\/api.w.org\/{rel}","templated":true}]}}